{"id":1309,"date":"2023-10-05T13:24:55","date_gmt":"2023-10-05T11:24:55","guid":{"rendered":"https:\/\/buergerplattform-chemnitz-mitte.de\/?p=1309"},"modified":"2025-10-01T09:24:59","modified_gmt":"2025-10-01T07:24:59","slug":"die-mikwe-in-chemnitz-und-wie-weiter","status":"publish","type":"post","link":"https:\/\/buergerplattform-chemnitz-mitte.de\/?p=1309","title":{"rendered":"Die Mikwe in Chemnitz \u2013 und wie weiter?"},"content":{"rendered":"\n<p>Perspektiven und Erwartungen<\/p>\n\n\n\n<p>Podiumsdiskussion am Donnerstag, 12. Oktober 2023, 18.00 Uhr<\/p>\n\n\n\n<p>im Stadtverordnetensaal des Chemnitzer Rathauses<\/p>\n\n\n\n<p>Der <a><\/a>Eintritt ist frei.<\/p>\n\n\n\n<p>Die AG hat hochrangige Repr\u00e4sentanten der drei ma\u00dfgeblich involvierten Institutionen gewinnen k\u00f6nnen, um von ihnen etwas \u00fcber ihre spezifischen Sichtweisen auf diesen einzigartigen Fund und sein Potential zu erfahren.<\/p>\n\n\n\n<p>Es wird auch dar\u00fcber diskutiert werden, wie das verborgene Denkmal seine Wirkung in der Chemnitzer \u00d6ffentlichkeit am besten entfalten kann und wie es den ausw\u00e4rtigen Besuchern im Jahr der Kulturhauptstadt angemessen pr\u00e4sentiert werden soll.<\/p>\n\n\n\n<p>Auf dem Podium erwarten die Veranstalter Landesarch\u00e4ologin Dr. Regina Smolnik, Landesrabbiner Zsolt Balla und B\u00fcrgermeisterin Dagmar Ruscheinsky.<\/p>\n\n\n\n<p>Die Moderation wird Michael M\u00fcller \u00fcbernehmen.<\/p>\n\n\n\n<p>Zuvor wird Landesarch\u00e4ologin Dr. Regina Smolnik um 17 Uhr eine F\u00fchrung durch die Ausstellung \u201eDie Mikwe von Chemnitz. Zeitzeugnis unserer Kulturgeschichte\u201c im Ausstellungsraum des Rathauses geben.<\/p>\n\n\n\n<p>Die Podiumsdiskussion ist zugleich eine Begleitveranstaltung zu dieser Ausstellung, die noch bis 25. Oktober zu sehen ist. Der Eintritt f\u00fcr alles ist frei.<\/p>\n\n\n\n<p>\u00d6ffnungszeiten des Ausstellungsraumes: montags bis donnerstags 8.00 bis 18.00 Uhr, freitags 8.00 bis 16.00 Uhr, an Feiertagen geschlossen<\/p>\n\n\n\n<p>(Presseinformation der AG Mikwe vom 05.10.2023)<\/p>\n","protected":false},"excerpt":{"rendered":"<p>Perspektiven und Erwartungen Podiumsdiskussion am Donnerstag, 12. Oktober 2023, 18.00 Uhr im Stadtverordnetensaal des Chemnitzer Rathauses Der Eintritt ist frei. Die AG hat hochrangige Repr\u00e4sentanten der drei ma\u00dfgeblich involvierten Institutionen gewinnen k\u00f6nnen, um von ihnen etwas \u00fcber ihre spezifischen Sichtweisen<\/p>\n","protected":false},"author":1,"featured_media":0,"comment_status":"closed","ping_status":"closed","sticky":true,"template":"","format":"standard","meta":{"footnotes":""},"categories":[1],"tags":[],"class_list":["post-1309","post","type-post","status-publish","format-standard","hentry","category-allgemein"],"_links":{"self":[{"href":"https:\/\/buergerplattform-chemnitz-mitte.de\/index.php?rest_route=\/wp\/v2\/posts\/1309","targetHints":{"allow":["GET"]}}],"collection":[{"href":"https:\/\/buergerplattform-chemnitz-mitte.de\/index.php?rest_route=\/wp\/v2\/posts"}],"about":[{"href":"https:\/\/buergerplattform-chemnitz-mitte.de\/index.php?rest_route=\/wp\/v2\/types\/post"}],"author":[{"embeddable":true,"href":"https:\/\/buergerplattform-chemnitz-mitte.de\/index.php?rest_route=\/wp\/v2\/users\/1"}],"replies":[{"embeddable":true,"href":"https:\/\/buergerplattform-chemnitz-mitte.de\/index.php?rest_route=%2Fwp%2Fv2%2Fcomments&post=1309"}],"version-history":[{"count":1,"href":"https:\/\/buergerplattform-chemnitz-mitte.de\/index.php?rest_route=\/wp\/v2\/posts\/1309\/revisions"}],"predecessor-version":[{"id":1310,"href":"https:\/\/buergerplattform-chemnitz-mitte.de\/index.php?rest_route=\/wp\/v2\/posts\/1309\/revisions\/1310"}],"wp:attachment":[{"href":"https:\/\/buergerplattform-chemnitz-mitte.de\/index.php?rest_route=%2Fwp%2Fv2%2Fmedia&parent=1309"}],"wp:term":[{"taxonomy":"category","embeddable":true,"href":"https:\/\/buergerplattform-chemnitz-mitte.de\/index.php?rest_route=%2Fwp%2Fv2%2Fcategories&post=1309"},{"taxonomy":"post_tag","embeddable":true,"href":"https:\/\/buergerplattform-chemnitz-mitte.de\/index.php?rest_route=%2Fwp%2Fv2%2Ftags&post=1309"}],"curies":[{"name":"wp","href":"https:\/\/api.w.org\/{rel}","templated":true}]}}