{"id":246,"date":"2015-12-08T17:21:57","date_gmt":"2015-12-08T16:21:57","guid":{"rendered":"https:\/\/buergerplattform-chemnitz-mitte.de\/?p=246"},"modified":"2015-12-08T17:22:51","modified_gmt":"2015-12-08T16:22:51","slug":"rueckblick-2015","status":"publish","type":"post","link":"https:\/\/buergerplattform-chemnitz-mitte.de\/?p=246","title":{"rendered":"R\u00fcckblick 2015"},"content":{"rendered":"<p>Im Laufe des Jahres 2015 hat sich die B\u00fcrgerplattform f\u00fcr viele Menschen zu einer geeigneten Anlaufstelle entwickelt, um sich gemeinsam f\u00fcr eine Sache stark zu machen oder um einzelne Projekte unterst\u00fctzen zu lassen. Das B\u00fcrgerbudget war mit 10.000,-\u20ac ausgestattet, aus dem zahlreiche stadtgebietsbezogene Vorhaben finanziert werden konnten. Diese M\u00f6glichkeit wurde rege genutzt \u2013 doch es h\u00e4tten ein paar mehr Projekte (teil-)finanziert werden k\u00f6nnen.<\/p>\n<p>Interessiert und Ideen, egal ob von Einzelpersonen, Initiativen oder Einrichtungen, sind auchbei uns herzlich willkommen. Infos \u00fcber die F\u00f6rdermodalit\u00e4ten gibt es auf der neuen (!) Homepage www.buergerplattform-chemnitz-mitte.de oder im B\u00fcro des Stadtteiltreffs im Reitbahnviertel. Leider ist die B\u00fcrozeit auf acht Stunden pro Woche beschr\u00e4nkt \u2013 Anfragen sind telefonisch daf\u00fcr jederzeit m\u00f6glich: 01769-5317908.<\/p>\n<p>Die Zusammenarbeit mit der Stadt Chemnitz hat sich deutlich verbessert, so wurde die B\u00fcrgerplattform Chemnitz-Mitte analog \u201eTr\u00e4ger \u00f6ffentlicher Belange\u201c an verschiedenen Vorhaben beteiligt, z.B. an der 1.\u00c4nderung des Bebauungsplans \u201eAn der Aue\u201c, am Bebauungsplan \u201eTechnologie-Campus S\u00fcd\u201c oder \u201eSchillerplatz \/ Aktienspinnerei\u201c.<\/p>\n<p>Um mit den B\u00fcrgern besser in pers\u00f6nlichen Kontakt zu treten und die Arbeit der B\u00fcrgerplattform vorzustellen, wurden zwei B\u00fcrgerforen veranstaltet. Daraus gingen Themen bzw. ein Themenkatalog hervor, der im Laufe des Jahres bearbeitet wurde.<\/p>\n<p><a name=\"_GoBack\"><\/a>Was wir uns f\u00fcr 2015 vorgenommen hatten, ist uns auch gelungen: Die Kontakte in Richtung Br\u00fchl konnten ausweitet werden, z.B. durch das Bandb\u00fcro oder das Br\u00fchl-B\u00fcro. F\u00fcr das n\u00e4chste Jahr m\u00f6chten wir einen besseren Draht nach Altchemnitz entwickeln wir freuen uns \u00fcber Hinweise und Meldungen aus diesem ausgedehnten Stadtteil im Chemnitzer S\u00fcden.<\/p>\n","protected":false},"excerpt":{"rendered":"<p>Im Laufe des Jahres 2015 hat sich die B\u00fcrgerplattform f\u00fcr viele Menschen zu einer geeigneten Anlaufstelle entwickelt, um sich gemeinsam f\u00fcr eine Sache stark zu machen oder um einzelne Projekte unterst\u00fctzen zu lassen. Das B\u00fcrgerbudget war mit 10.000,-\u20ac ausgestattet, aus<\/p>\n","protected":false},"author":1,"featured_media":0,"comment_status":"closed","ping_status":"closed","sticky":false,"template":"","format":"standard","meta":{"footnotes":""},"categories":[1],"tags":[],"class_list":["post-246","post","type-post","status-publish","format-standard","hentry","category-allgemein"],"_links":{"self":[{"href":"https:\/\/buergerplattform-chemnitz-mitte.de\/index.php?rest_route=\/wp\/v2\/posts\/246","targetHints":{"allow":["GET"]}}],"collection":[{"href":"https:\/\/buergerplattform-chemnitz-mitte.de\/index.php?rest_route=\/wp\/v2\/posts"}],"about":[{"href":"https:\/\/buergerplattform-chemnitz-mitte.de\/index.php?rest_route=\/wp\/v2\/types\/post"}],"author":[{"embeddable":true,"href":"https:\/\/buergerplattform-chemnitz-mitte.de\/index.php?rest_route=\/wp\/v2\/users\/1"}],"replies":[{"embeddable":true,"href":"https:\/\/buergerplattform-chemnitz-mitte.de\/index.php?rest_route=%2Fwp%2Fv2%2Fcomments&post=246"}],"version-history":[{"count":2,"href":"https:\/\/buergerplattform-chemnitz-mitte.de\/index.php?rest_route=\/wp\/v2\/posts\/246\/revisions"}],"predecessor-version":[{"id":248,"href":"https:\/\/buergerplattform-chemnitz-mitte.de\/index.php?rest_route=\/wp\/v2\/posts\/246\/revisions\/248"}],"wp:attachment":[{"href":"https:\/\/buergerplattform-chemnitz-mitte.de\/index.php?rest_route=%2Fwp%2Fv2%2Fmedia&parent=246"}],"wp:term":[{"taxonomy":"category","embeddable":true,"href":"https:\/\/buergerplattform-chemnitz-mitte.de\/index.php?rest_route=%2Fwp%2Fv2%2Fcategories&post=246"},{"taxonomy":"post_tag","embeddable":true,"href":"https:\/\/buergerplattform-chemnitz-mitte.de\/index.php?rest_route=%2Fwp%2Fv2%2Ftags&post=246"}],"curies":[{"name":"wp","href":"https:\/\/api.w.org\/{rel}","templated":true}]}}