{"id":341,"date":"2017-01-19T12:23:10","date_gmt":"2017-01-19T11:23:10","guid":{"rendered":"https:\/\/buergerplattform-chemnitz-mitte.de\/?p=341"},"modified":"2019-07-22T14:55:48","modified_gmt":"2019-07-22T12:55:48","slug":"bilanz-2016","status":"publish","type":"post","link":"https:\/\/buergerplattform-chemnitz-mitte.de\/?p=341","title":{"rendered":"R\u00fcckblick 2016"},"content":{"rendered":"<p><strong>Ob Einwohnerversammlung, Nahversorgung, Projektf\u00f6rderung oder Innenstadtentwicklung: F\u00fcr die B\u00fcrgerplattform Chemnitz-Mitte gab es 2016 viel zu tun. Welche Themen und Ereignisse haben uns im vergangenen Jahr besonders besch\u00e4ftigt?<\/strong><\/p>\n<h2>Einwohnerversammlung Chemnitz-Mitte<\/h2>\n<p>Bei der Einwohnerversammlung am 23. September 2016 haben wir uns als B\u00fcrgerplattform vorgestellt und mit ihr die Projekte, an denen wir beteiligt sind. Bereits im Vorfeld hatten wir gegen\u00fcber der Verwaltung auf Probleme und unsere L\u00f6sungsans\u00e4tze hingewiesen. So setzen wir uns f\u00fcr mehr R\u00fcckzugs- und Spielr\u00e4ume auch im Stadtzentrum ein oder machten Vorschl\u00e4ge, wie die Bahnhofstra\u00dfe entlastet werden k\u00f6nnte. Auch zu geplanten Bauma\u00dfnahmen und der damit verbundenen Belastung f\u00fcr Anwohnerinnen und Anwohner hatten wir ebenso Fragen, wie zur Zukunft des Getreidemarkts oder zur Verbesserung der Aufenthaltsqualit\u00e4t auf dem Rosenhof. Nicht immer haben uns die Antworten der Stadt \u00fcberzeugt, auch wenn nat\u00fcrlich nicht alle Probleme zeitnah zufriedenstellend gel\u00f6st werden k\u00f6nnen.<\/p>\n<h2>Versorgung im Stadtteil Kapellenberg<\/h2>\n<p>Gemeinsam mit der B\u00fcrgerinitiative Kapellenberg, einem Mitglied unserer B\u00fcrgerplattform, setzten wir uns auch im Jahr 2016 f\u00fcr eine bessere Nah- und Grundversorgung ein. Und im November, so schien es, gab es einen Etappensieg, als ein neuer Supermarkt im Stadtteil er\u00f6ffnet wurde. Doch wie sich bereits im Dezember zeigte, war die Nachfrage geringer als erwartet. Und so ist auch das Angebot des Supermarktes wieder deutlich reduziert worden. Daher bleibt das Thema Grundversorgung im Stadtteil auch im Jahr 2017 auf unserer Agenda.<\/p>\n<h2>Viele Projekte<\/h2>\n<p>Mit unserem B\u00fcrgerbudget haben wir im Jahr 2016 wieder viele Unterfangen von B\u00fcrgerInnen und Vereinen unterst\u00fctzt. Dabei konnten wir alle zur Verf\u00fcgung stehenden Mittel in die einzelnen Projekte flie\u00dfen lassen. Beispielhaft m\u00f6chten wir drei Projekte erw\u00e4hnen, die einen guten Eindruck der Bandbreite der gef\u00f6rderten Projekte geben. So haben wir die B\u00fcrgerinitiative Reitbahnviertel gef\u00f6rdert, die auch in der zweiten Jahresh\u00e4lfte 2016 wieder ein vielf\u00e4ltiges kulturelles Programm pr\u00e4sentieren konnte. Vielen Dank f\u00fcr so viel ehrenamtliches Engagement.<br \/>\nWie sch\u00f6n interkulturelle Begegnungen sein k\u00f6nnen, zeigte sich, als der Familienverein f\u00fcr Gro\u00df und Klein seine Kennenlernmesse \u201emeet new friends\u201c &#8211; \u201eTriff neue Freunde\u201c im S\u00e4chsischen Museum f\u00fcr Arch\u00e4ologie veranstaltete. Ob alt oder jung, neu in der Stadt oder hier geboren: Es gab viel zu entdecken, zu spielen und auszuprobieren. Auch diese Veranstaltung hat die B\u00fcrgerplattform finanziell unterst\u00fctzt und genutzt, um f\u00fcr mehr b\u00fcrgerschaftliches Engagement zu werben. 2017 wollen wir uns noch weiter interkulturell \u00f6ffnen.<br \/>\nDank des B\u00fcrgerbudgets konnte die Jugendkirche am Park der OdF neue B\u00e4nke kaufen, die von den Parkbesuchern rege benutzt werden, wie uns berichtet wurde.<\/p>\n<h2>Stadtentwicklung<\/h2>\n<p>Auch 2016 haben wir lebhaft \u00fcber Bauprojekte und andere Entwicklungen in der Innenstadt diskutiert, so nat\u00fcrlich auch \u00fcber die Zukunft des Chemnitzer Viadukts. Bei einem Er\u00f6rterungstermin der Landesdirektion im Dezember haben sich zwei unserer Mitglieder f\u00fcr den Erhalt des Viaduktes stark gemacht und Fragen zu weiteren Entwicklung und Bahnverkehrsanbindung in Chemnitz-Mitte diskutiert.<br \/>\nDie Bebauung des Parks vor der Stadthalle wurde gegen Ende des Jahres wieder Thema in der Presse. Obwohl es derzeit daf\u00fcr wohl keine Mehrheit im Stadtrat gibt, machen sich vor allem Wirtschaftsverb\u00e4nde sowie ein bekannter Investor f\u00fcr eine Bebauung stark. Die Mitglieder der B\u00fcrgerplattform stehen diesem Anliegen eher kritisch gegen\u00fcber.<br \/>\nDa die B\u00fcrgerplattform nicht nur im Reitbahnviertel wirkt und arbeitet, engagieren wir uns auch f\u00fcr der Wiederbelebung des Spinnereimaschinenbaues in Altchemnitz in einer lokalen Arbeitsgruppe des URBACT-III-Netzwerkes. Im Oktober 2016 kamen Projektmitglieder aus den anderen europ\u00e4ischen St\u00e4dten nach Chemnitz, um sich einen \u00dcberblick zur lokalen Entwicklung zu verschaffen.<br \/>\nUnd auch in der AG Rad zur Umsetzung der Radverkehrskonzeption f\u00fcr Chemnitz 2020 sind wir dabei. Ziel ist es, den Anteil des Radverkehrs \u00fcber verschiedene Ma\u00dfnahmen wie ein gutes Radverkehrsnetz und bessere Abstellm\u00f6glichkeiten f\u00fcr Fahrr\u00e4der von 6 Prozent im Jahr 2008 auf 12 Prozent im Jahr 2020 zu verdoppeln. Ende Oktober traf sich die AG, um sich \u00fcber den aktuellen Stand zu verst\u00e4ndigen und die wichtigsten Projekte f\u00fcr die einzelnen Akteure zu ermitteln.<\/p>\n<h2>Bei Lebkuchen und Gl\u00fchwein lie\u00dfen wir das Jahr ausklingen.<\/h2>\n<p>F\u00fcr 2017 haben wir uns vorgenommen, noch mehr B\u00fcrgerinnen und B\u00fcrger, Vereine und Initiativen im Stadtgebiet Chemnitz-Mitte zu aktivieren, die sich in der B\u00fcrgerplattform engagieren wollen, um so B\u00fcrgerbeteiligung zu f\u00f6rdern und als Tr\u00e4ger \u00f6ffentlicher Belange Politik und Verwaltung im Blick zu behalten. Viele neue Aufgaben und Projekte erwarten uns. Wenn sich Chemnitz als Kulturhauptstadt bewerben wird, werden wir uns einbringen.<\/p>\n<p><strong>Um auf dem Laufenden zu bleiben oder wenn Sie ein Anliegen haben, besuchen und abonnieren Sie unsere <a href=\"https:\/\/www.facebook.com\/chemnitz.mitte\/\" target=\"_blank\" rel=\"noopener noreferrer\">Facebookseite https:\/\/www.facebook.com\/chemnitz.mitte\/<\/a> oder kommen Sie im Stadtteiltreff in der Reitbahnstra\u00dfe 32 vorbei.<\/strong><\/p>\n","protected":false},"excerpt":{"rendered":"<p>Ob Einwohnerversammlung, Nahversorgung, Projektf\u00f6rderung oder Innenstadtentwicklung: F\u00fcr die B\u00fcrgerplattform Chemnitz-Mitte gab es 2016 viel zu tun. Welche Themen und Ereignisse haben uns im vergangenen Jahr besonders besch\u00e4ftigt? Einwohnerversammlung Chemnitz-Mitte Bei der Einwohnerversammlung am 23. September 2016 haben wir uns als<\/p>\n","protected":false},"author":1,"featured_media":0,"comment_status":"closed","ping_status":"closed","sticky":false,"template":"","format":"standard","meta":{"footnotes":""},"categories":[1],"tags":[],"class_list":["post-341","post","type-post","status-publish","format-standard","hentry","category-allgemein"],"_links":{"self":[{"href":"https:\/\/buergerplattform-chemnitz-mitte.de\/index.php?rest_route=\/wp\/v2\/posts\/341","targetHints":{"allow":["GET"]}}],"collection":[{"href":"https:\/\/buergerplattform-chemnitz-mitte.de\/index.php?rest_route=\/wp\/v2\/posts"}],"about":[{"href":"https:\/\/buergerplattform-chemnitz-mitte.de\/index.php?rest_route=\/wp\/v2\/types\/post"}],"author":[{"embeddable":true,"href":"https:\/\/buergerplattform-chemnitz-mitte.de\/index.php?rest_route=\/wp\/v2\/users\/1"}],"replies":[{"embeddable":true,"href":"https:\/\/buergerplattform-chemnitz-mitte.de\/index.php?rest_route=%2Fwp%2Fv2%2Fcomments&post=341"}],"version-history":[{"count":2,"href":"https:\/\/buergerplattform-chemnitz-mitte.de\/index.php?rest_route=\/wp\/v2\/posts\/341\/revisions"}],"predecessor-version":[{"id":649,"href":"https:\/\/buergerplattform-chemnitz-mitte.de\/index.php?rest_route=\/wp\/v2\/posts\/341\/revisions\/649"}],"wp:attachment":[{"href":"https:\/\/buergerplattform-chemnitz-mitte.de\/index.php?rest_route=%2Fwp%2Fv2%2Fmedia&parent=341"}],"wp:term":[{"taxonomy":"category","embeddable":true,"href":"https:\/\/buergerplattform-chemnitz-mitte.de\/index.php?rest_route=%2Fwp%2Fv2%2Fcategories&post=341"},{"taxonomy":"post_tag","embeddable":true,"href":"https:\/\/buergerplattform-chemnitz-mitte.de\/index.php?rest_route=%2Fwp%2Fv2%2Ftags&post=341"}],"curies":[{"name":"wp","href":"https:\/\/api.w.org\/{rel}","templated":true}]}}