{"id":374,"date":"2018-02-12T16:44:51","date_gmt":"2018-02-12T15:44:51","guid":{"rendered":"https:\/\/buergerplattform-chemnitz-mitte.de\/?p=374"},"modified":"2019-07-22T14:58:30","modified_gmt":"2019-07-22T12:58:30","slug":"viele-projekte-gefoerdert-mehr-buergerbeteiligung-wagen","status":"publish","type":"post","link":"https:\/\/buergerplattform-chemnitz-mitte.de\/?p=374","title":{"rendered":"R\u00fcckblick 2017 und Ausblick 2018"},"content":{"rendered":"<p><strong>Auch im Jahr 2017 hat die B\u00fcrgerplattform Chemnitz-Mitte wieder viele Projekte unterst\u00fctzt, um unseren Stadtteil zu versch\u00f6nern und noch lebenswerter zu machen. Zu verschiedenen Vorhaben der Stadt haben wir Stellung genommen, um auch die Position der Menschen vor Ort sichtbar werden zu lassen. Mit dem seniorenpolitischen Netzwerk und dem Projekt Comparti wirken weitere Akteure in unserer Plattform mit.<\/strong><\/p>\n<figure id=\"attachment_375\" aria-describedby=\"caption-attachment-375\" style=\"width: 300px\" class=\"wp-caption alignleft\"><a href=\"https:\/\/buergerplattform-chemnitz-mitte.de\/wp-content\/uploads\/2018\/02\/Stadtteilfest-Bernsdorf.jpg\"><img loading=\"lazy\" decoding=\"async\" class=\"size-medium wp-image-375\" src=\"https:\/\/buergerplattform-chemnitz-mitte.de\/wp-content\/uploads\/2018\/02\/Stadtteilfest-Bernsdorf-300x205.jpg\" alt=\"Wurde von der B\u00fcrgerplattform gef\u00f6rdert: Das Stadteilfest Bernsdorf 2017\" width=\"300\" height=\"205\" srcset=\"https:\/\/buergerplattform-chemnitz-mitte.de\/wp-content\/uploads\/2018\/02\/Stadtteilfest-Bernsdorf-300x205.jpg 300w, https:\/\/buergerplattform-chemnitz-mitte.de\/wp-content\/uploads\/2018\/02\/Stadtteilfest-Bernsdorf.jpg 380w\" sizes=\"auto, (max-width: 300px) 100vw, 300px\" \/><\/a><figcaption id=\"caption-attachment-375\" class=\"wp-caption-text\">Wurde von der B\u00fcrgerplattform gef\u00f6rdert: Das Stadteilfest Bernsdorf 2017<\/figcaption><\/figure>\n<p>Mit ca. 10.000,- EUR konnten wir 15 Projekte f\u00f6rdern, darunter kulturelle Veranstaltungen wie den B\u00fcrgerkulturtreff der B\u00fcrgerinitiative Reitbahnviertel, die bereits seit f\u00fcnf Jahren regelm\u00e4\u00dfig interessante Abendveranstaltungen organisieren. Auch die Jugend- und Subkultur im Stadtteil konnten wir unterst\u00fctzen, etwa durch den Support eines BMX-Wettbewerbs oder des Wolkenkuckucksheimfestivals. G\u00e4rten wurden rekultiviert, ein Eingangsbereich neu gestaltet und Stadtteilfeste begleitet. Und auch f\u00fcr die Integration wurde viel geleistet, so bei einem Begegnungsfest oder einem interkulturellen Weihnachtsfest.<\/p>\n<p>Neben der F\u00f6rderung vieler Projekte haben wir auch Stellung zu Vorhaben der Stadt genommen. Wir konnten so etwa beim Radverkehrskonzept mitwirken, welche Ma\u00dfnahmen f\u00fcr besseren Radverkehr wir als am wichtigsten erachteten. Auch zur Bebauung des Schillerplatzes haben wir Stellung bezogen und hoffen, dass hier auf eine gute Fu\u00dfg\u00e4nger- und Fahrradanbindung geachtet wird und vor der Neugestaltung ein Konzept f\u00fcr die Abfertigung regionaler und \u00fcberregionaler Busse in Hauptbahnhofsn\u00e4he vorliegt.<\/p>\n<p>Mehr B\u00fcrgerbeteiligung ist unser Ziel f\u00fcr 2018. 2017 konnten wir weitere Initiativen wie das <a href=\"https:\/\/spn-chemnitz.de\/aktuelles\/\" target=\"_blank\" rel=\"noopener noreferrer\">seniorenpolitische Netzwerk<\/a> oder das <a href=\"http:\/\/www.agiua.de\/projekt_comparti.php\" target=\"_blank\" rel=\"noopener noreferrer\">Projekt Comparti<\/a> gewinnen, in unserer B\u00fcrgerplattform mitzuarbeiten. Mit B\u00fcrgerforen wollen wir in diesem Jahr in den Stadtteilen vor Ort Themen aufgreifen und im Idealfall auch L\u00f6sungen f\u00fcr lokale Beeintr\u00e4chtigungen finden. Wie l\u00e4sst sich etwa mehr B\u00fcrgerbeteiligung und -n\u00e4he bei der Kulturhauptstadtsbewerbung erreichen?<\/p>\n<p>Die B\u00fcrgerplattform Chemnitz-Mitte unterst\u00fctzt bei Projekten in den Stadtteilen Altchemnitz, Bernsdorf, Kapellenberg, Lutherviertel und Zentrum. Wenn Sie eine Finanzierung f\u00fcr ein Vorhaben ben\u00f6tigen, mit der Sie zu einer positiven Entwicklung in Chemnitz-Mitte beizutragen wollen, k\u00f6nnen Sie daf\u00fcr bei uns eine F\u00f6rderung beantragen. Und je mehr Menschen und Initiativen sich in der Plattform beteiligen, desto besser k\u00f6nnen relevante Anliegen oder Probleme erkannt werden.<\/p>\n<p>Kontakt:<br \/>\nTelefon: 0176 95 31 79 08<br \/>\nE-Mail: info [at] buergerplattform-chemnitz-mitte.de<\/p>\n","protected":false},"excerpt":{"rendered":"<p>Auch im Jahr 2017 hat die B\u00fcrgerplattform Chemnitz-Mitte wieder viele Projekte unterst\u00fctzt, um unseren Stadtteil zu versch\u00f6nern und noch lebenswerter zu machen. Zu verschiedenen Vorhaben der Stadt haben wir Stellung genommen, um auch die Position der Menschen vor Ort sichtbar<\/p>\n","protected":false},"author":1,"featured_media":0,"comment_status":"closed","ping_status":"closed","sticky":false,"template":"","format":"standard","meta":{"footnotes":""},"categories":[1],"tags":[],"class_list":["post-374","post","type-post","status-publish","format-standard","hentry","category-allgemein"],"_links":{"self":[{"href":"https:\/\/buergerplattform-chemnitz-mitte.de\/index.php?rest_route=\/wp\/v2\/posts\/374","targetHints":{"allow":["GET"]}}],"collection":[{"href":"https:\/\/buergerplattform-chemnitz-mitte.de\/index.php?rest_route=\/wp\/v2\/posts"}],"about":[{"href":"https:\/\/buergerplattform-chemnitz-mitte.de\/index.php?rest_route=\/wp\/v2\/types\/post"}],"author":[{"embeddable":true,"href":"https:\/\/buergerplattform-chemnitz-mitte.de\/index.php?rest_route=\/wp\/v2\/users\/1"}],"replies":[{"embeddable":true,"href":"https:\/\/buergerplattform-chemnitz-mitte.de\/index.php?rest_route=%2Fwp%2Fv2%2Fcomments&post=374"}],"version-history":[{"count":2,"href":"https:\/\/buergerplattform-chemnitz-mitte.de\/index.php?rest_route=\/wp\/v2\/posts\/374\/revisions"}],"predecessor-version":[{"id":651,"href":"https:\/\/buergerplattform-chemnitz-mitte.de\/index.php?rest_route=\/wp\/v2\/posts\/374\/revisions\/651"}],"wp:attachment":[{"href":"https:\/\/buergerplattform-chemnitz-mitte.de\/index.php?rest_route=%2Fwp%2Fv2%2Fmedia&parent=374"}],"wp:term":[{"taxonomy":"category","embeddable":true,"href":"https:\/\/buergerplattform-chemnitz-mitte.de\/index.php?rest_route=%2Fwp%2Fv2%2Fcategories&post=374"},{"taxonomy":"post_tag","embeddable":true,"href":"https:\/\/buergerplattform-chemnitz-mitte.de\/index.php?rest_route=%2Fwp%2Fv2%2Ftags&post=374"}],"curies":[{"name":"wp","href":"https:\/\/api.w.org\/{rel}","templated":true}]}}