{"id":426,"date":"2019-04-15T13:19:13","date_gmt":"2019-04-15T11:19:13","guid":{"rendered":"https:\/\/buergerplattform-chemnitz-mitte.de\/?p=426"},"modified":"2019-04-15T13:19:13","modified_gmt":"2019-04-15T11:19:13","slug":"stadtteilwanderung-durch-das-zentrum","status":"publish","type":"post","link":"https:\/\/buergerplattform-chemnitz-mitte.de\/?p=426","title":{"rendered":"Stadtteilwanderung durch das Zentrum"},"content":{"rendered":"\n<p><strong>Am 05. April 2019 haben sich Chemnitzer B\u00fcrgerinnen und B\u00fcrger \u00fcber die B\u00fcrgerplattform Chemnitz-Mitte informiert und auch den Stadtteil Zentrum kennengelernt.<\/strong><\/p>\n\n\n\n<figure class=\"wp-block-image\"><img loading=\"lazy\" decoding=\"async\" width=\"1024\" height=\"577\" src=\"https:\/\/buergerplattform-chemnitz-mitte.de\/wp-content\/uploads\/2019\/04\/20190405_163601-01-1024x577.jpeg\" alt=\"\" class=\"wp-image-427\" srcset=\"https:\/\/buergerplattform-chemnitz-mitte.de\/wp-content\/uploads\/2019\/04\/20190405_163601-01-1024x577.jpeg 1024w, https:\/\/buergerplattform-chemnitz-mitte.de\/wp-content\/uploads\/2019\/04\/20190405_163601-01-300x169.jpeg 300w, https:\/\/buergerplattform-chemnitz-mitte.de\/wp-content\/uploads\/2019\/04\/20190405_163601-01-768x433.jpeg 768w, https:\/\/buergerplattform-chemnitz-mitte.de\/wp-content\/uploads\/2019\/04\/20190405_163601-01-600x338.jpeg 600w, https:\/\/buergerplattform-chemnitz-mitte.de\/wp-content\/uploads\/2019\/04\/20190405_163601-01-660x372.jpeg 660w\" sizes=\"auto, (max-width: 1024px) 100vw, 1024px\" \/><figcaption>Stadtf\u00fchrerin Grit Linke stellte Geb\u00e4ude und ihre Geschichte am Rande des Park der OdF vor.<\/figcaption><\/figure>\n\n\n\n<p>Start war im Stadtteilb\u00fcro Innenstadt, wo die B\u00fcrgerplattform ihren Sitz hat. Hier stellte Koordinator Thomas Rohde Ziele, Angebote und Mitglieder der B\u00fcrgerplattform vor. Dann begann der Spaziergang durch das Zentrum.<\/p>\n\n\n\n<p>Stadtf\u00fchrerin Grit Linke begleitete die Gruppe durchs Zentrum und wusste auch f\u00fcr Kennerinnen und Kenner von Chemnitz die ein oder andere \u00dcberraschung zu Geschichte und Gegenwart der Stadt, etwa zum Reitbahnviertel, zu berichten. Auf dem Weg vom Reitbahnviertel zum Br\u00fchl \u00fcber die Stationen Park der OdF, Marx-Monument und Theaterplatz konnten Vereine und Initiativen die Inhalte ihrer Arbeit den B\u00fcrgerinnen und B\u00fcrgern n\u00e4her bringen.<\/p>\n\n\n\n<p>Das Freiwilligenzentrum in der Reitbahnstra\u00dfe gab Auskunft \u00fcber seine Angebote und die vielf\u00e4ltigen M\u00f6glichkeiten, sich zu engagieren. Die AGIUA stellte ihre Arbeit mit Migrantinnen und Migranten vor. Auch hier gibt es die M\u00f6glichkeit, sich aktiv zu beteiligen, etwa beim Deutschlernen oder Ankommen im Alltag. Die B\u00fcrgerinitiative Reitbahnviertel konnte in ihrer Vorstellung auf j\u00fcngste Erfolge verweisen. So wurden endlich B\u00e4nke am Annenplatz aufgestellt und eine Bl\u00fchwiese angelegt.<\/p>\n\n\n\n<p>Der Nachmittag endete in einem Bistro am Br\u00fchl, wo sich die Teilnehmenden \u00fcber das Erlebte austauschen konnten. Stadtteilwanderungen mit Vorstellung lokaler Vereine und Initiativen wird es jetzt regelm\u00e4\u00dfig geben. Der n\u00e4chste Spaziergang soll durch den Stadtteil Kapellenberg f\u00fchren.<\/p>\n","protected":false},"excerpt":{"rendered":"<p>Am 05. April 2019 haben sich Chemnitzer B\u00fcrgerinnen und B\u00fcrger \u00fcber die B\u00fcrgerplattform Chemnitz-Mitte informiert und auch den Stadtteil Zentrum kennengelernt. Start war im Stadtteilb\u00fcro Innenstadt, wo die B\u00fcrgerplattform ihren Sitz hat. Hier stellte Koordinator Thomas Rohde Ziele, Angebote und<\/p>\n","protected":false},"author":1,"featured_media":0,"comment_status":"closed","ping_status":"closed","sticky":false,"template":"","format":"standard","meta":{"footnotes":""},"categories":[1],"tags":[],"class_list":["post-426","post","type-post","status-publish","format-standard","hentry","category-allgemein"],"_links":{"self":[{"href":"https:\/\/buergerplattform-chemnitz-mitte.de\/index.php?rest_route=\/wp\/v2\/posts\/426","targetHints":{"allow":["GET"]}}],"collection":[{"href":"https:\/\/buergerplattform-chemnitz-mitte.de\/index.php?rest_route=\/wp\/v2\/posts"}],"about":[{"href":"https:\/\/buergerplattform-chemnitz-mitte.de\/index.php?rest_route=\/wp\/v2\/types\/post"}],"author":[{"embeddable":true,"href":"https:\/\/buergerplattform-chemnitz-mitte.de\/index.php?rest_route=\/wp\/v2\/users\/1"}],"replies":[{"embeddable":true,"href":"https:\/\/buergerplattform-chemnitz-mitte.de\/index.php?rest_route=%2Fwp%2Fv2%2Fcomments&post=426"}],"version-history":[{"count":2,"href":"https:\/\/buergerplattform-chemnitz-mitte.de\/index.php?rest_route=\/wp\/v2\/posts\/426\/revisions"}],"predecessor-version":[{"id":429,"href":"https:\/\/buergerplattform-chemnitz-mitte.de\/index.php?rest_route=\/wp\/v2\/posts\/426\/revisions\/429"}],"wp:attachment":[{"href":"https:\/\/buergerplattform-chemnitz-mitte.de\/index.php?rest_route=%2Fwp%2Fv2%2Fmedia&parent=426"}],"wp:term":[{"taxonomy":"category","embeddable":true,"href":"https:\/\/buergerplattform-chemnitz-mitte.de\/index.php?rest_route=%2Fwp%2Fv2%2Fcategories&post=426"},{"taxonomy":"post_tag","embeddable":true,"href":"https:\/\/buergerplattform-chemnitz-mitte.de\/index.php?rest_route=%2Fwp%2Fv2%2Ftags&post=426"}],"curies":[{"name":"wp","href":"https:\/\/api.w.org\/{rel}","templated":true}]}}