{"id":705,"date":"2019-08-02T07:59:34","date_gmt":"2019-08-02T05:59:34","guid":{"rendered":"https:\/\/buergerplattform-chemnitz-mitte.de\/?p=705"},"modified":"2019-08-02T07:59:34","modified_gmt":"2019-08-02T05:59:34","slug":"nimm-platz-die-gewinner-stehen-fest","status":"publish","type":"post","link":"https:\/\/buergerplattform-chemnitz-mitte.de\/?p=705","title":{"rendered":"&#8222;Nimm Platz&#8220; &#8211; Die Gewinner stehen fest"},"content":{"rendered":"\n<p>Bis 31.07.19 konnte online abgestimmt werden, welche Ideen im Rahmen des Wettbewerbs &#8222;Nimm Platz&#8220; noch in diesem Jahr umgetzt werden.  Urspr\u00fcnglich sollten das 5 Projekte sein. Dank der Unterst\u00fctzung des Klub 2025 gibt es nun sogar 10 gl\u00fcckliche Gewinner*innen und das Beste, es sind auch Ideen dabei, die im Einzugsgebiet der B\u00fcrgerplattform Chemnitz-Mitte wirken werden.<\/p>\n\n\n\n<p>Neugierig geworden? &#8211; Dann einfach diesem Link folgen: <a href=\"http:\/\/www.chemnitz2025.de\/abstimmung-nimm-platz\/\">http:\/\/www.chemnitz2025.de\/abstimmung-nimm-platz\/<\/a><\/p>\n\n\n\n<p><\/p>\n\n\n\n<p><\/p>\n","protected":false},"excerpt":{"rendered":"<p>Bis 31.07.19 konnte online abgestimmt werden, welche Ideen im Rahmen des Wettbewerbs &#8222;Nimm Platz&#8220; noch in diesem Jahr umgetzt werden. Urspr\u00fcnglich sollten das 5 Projekte sein. Dank der Unterst\u00fctzung des Klub 2025 gibt es nun sogar 10 gl\u00fcckliche Gewinner*innen und<\/p>\n","protected":false},"author":1,"featured_media":0,"comment_status":"closed","ping_status":"closed","sticky":false,"template":"","format":"standard","meta":{"footnotes":""},"categories":[1],"tags":[],"class_list":["post-705","post","type-post","status-publish","format-standard","hentry","category-allgemein"],"_links":{"self":[{"href":"https:\/\/buergerplattform-chemnitz-mitte.de\/index.php?rest_route=\/wp\/v2\/posts\/705","targetHints":{"allow":["GET"]}}],"collection":[{"href":"https:\/\/buergerplattform-chemnitz-mitte.de\/index.php?rest_route=\/wp\/v2\/posts"}],"about":[{"href":"https:\/\/buergerplattform-chemnitz-mitte.de\/index.php?rest_route=\/wp\/v2\/types\/post"}],"author":[{"embeddable":true,"href":"https:\/\/buergerplattform-chemnitz-mitte.de\/index.php?rest_route=\/wp\/v2\/users\/1"}],"replies":[{"embeddable":true,"href":"https:\/\/buergerplattform-chemnitz-mitte.de\/index.php?rest_route=%2Fwp%2Fv2%2Fcomments&post=705"}],"version-history":[{"count":1,"href":"https:\/\/buergerplattform-chemnitz-mitte.de\/index.php?rest_route=\/wp\/v2\/posts\/705\/revisions"}],"predecessor-version":[{"id":706,"href":"https:\/\/buergerplattform-chemnitz-mitte.de\/index.php?rest_route=\/wp\/v2\/posts\/705\/revisions\/706"}],"wp:attachment":[{"href":"https:\/\/buergerplattform-chemnitz-mitte.de\/index.php?rest_route=%2Fwp%2Fv2%2Fmedia&parent=705"}],"wp:term":[{"taxonomy":"category","embeddable":true,"href":"https:\/\/buergerplattform-chemnitz-mitte.de\/index.php?rest_route=%2Fwp%2Fv2%2Fcategories&post=705"},{"taxonomy":"post_tag","embeddable":true,"href":"https:\/\/buergerplattform-chemnitz-mitte.de\/index.php?rest_route=%2Fwp%2Fv2%2Ftags&post=705"}],"curies":[{"name":"wp","href":"https:\/\/api.w.org\/{rel}","templated":true}]}}