{"id":880,"date":"2019-12-13T10:09:51","date_gmt":"2019-12-13T09:09:51","guid":{"rendered":"https:\/\/buergerplattform-chemnitz-mitte.de\/?p=880"},"modified":"2020-04-22T13:36:07","modified_gmt":"2020-04-22T11:36:07","slug":"resuemee-2019-und-ausblick-2020","status":"publish","type":"post","link":"https:\/\/buergerplattform-chemnitz-mitte.de\/?p=880","title":{"rendered":"Res\u00fcmee 2019 und Ausblick 2020"},"content":{"rendered":"\n<p>Das Jahr 2019 neigt sich langsam aber sicher seinem Ende entgegen. Ein guter Grund kurz innezuhalten, zur\u00fcckzublicken und vorauszuschauen. <\/p>\n\n\n\n<p>F\u00fcr die B\u00fcrgerplattform Chemnitz-Mitte war es ein gutes Jahr.  Dank der Beschl\u00fcsse des Stadtrates wurde das B\u00fcrgerbudget deutlich erh\u00f6ht. Bisher standen j\u00e4hrlich 10.000,00 \u20ac zur Verf\u00fcgung um in den Stadtteilen Zentrum, Bernsdorf, Lutherviertel, Kapellenberg und Altchemnitz Projektideen zu unterst\u00fctzen. Ab April 2019 sind es 1,61 \u20ac pro Bewohner*in des Einzugsgebietes, so dass  der F\u00f6rdertopf auf rund 57.000,00 \u20ac angewachsen ist. Insgesamt 38 Projekte wurden unterst\u00fctzt. Stadtteilfeste und Festivals, Workshopreihen und Filmabende, Parkb\u00e4nke und K\u00fcchenutensilien f\u00fcr Kochkurse sind nur einige Beispiele f\u00fcr die Bandbreite der F\u00f6rderung. <\/p>\n\n\n\n<p>Weiterhin hat sich die personelle Situation positiv ver\u00e4ndert. Ab Juli konnte eine Vollzeitstelle besetzt werden, so dass unter anderem die Pr\u00e4senz der B\u00fcrgerplattform in den Stadtteilen sp\u00fcrbar erh\u00f6ht wurde. Nat\u00fcrlich durfte auch die Besch\u00e4ftigung mit eher trockenen Themen nicht fehlen. So gibt es zwischenzeitlich eine aktualisierte Gesch\u00e4ftsordnung der B\u00fcrgerplattform und eine Richtlinie zum B\u00fcrgerbudget. All das w\u00e4re ohne das unerm\u00fcdliche Wirken vieler ehrenamtlich engagierter Bewohner*innen unserer Stadt nicht m\u00f6glich gewesen. <\/p>\n\n\n\n<p>Deshalb geht der Dank an dieser Stelle an die Mitstreiter*innen der Steuerungsgruppe, die kreativen K\u00f6pfe in den Vereinen und Initiativen sowie Jede und Jeden, die und der sich f\u00fcr ein liebens- und lebenswertes, buntes und vielv\u00e4ltiges Chemnitz einsetzen.<\/p>\n\n\n\n<p>2020 wird erneut ein Jahr mit vielen spannenden Herausforderungen. Nachdem es unsere Stadt am 12.12.19 auf die sogenannte Shortlist um den Titel &#8222;Kulturhauptstadt 2025&#8220; geschafft hat, gilt es die \u00c4rmel hochzukrempeln, Ideen weiterzuentwickeln und gemeinsam positive Energien zu entfalten, damit wir im Herbst 2020 den Satz h\u00f6ren: &#8222;Der Gewinner ist Chemnitz.&#8220;<\/p>\n\n\n\n<p>Nat\u00fcrlich freuen wir uns auch wieder auf Eure und Ihre Projekte, die wir gern unterst\u00fctzen wollen. Alles Wissenwerte hierzu kann auch auf unserer Internetseite nachgelesen werden: https:\/\/buergerplattform-chemnitz-mitte.de\/?page_id=12<\/p>\n\n\n\n<p>Da wir jetzt in eine kleine Urlaubsauszeit gehen, w\u00fcnschen wir Euch und Ihnen eine besinnliche Weihnachtszeit und einen wundervollen Start ins Jahr 2020. <\/p>\n\n\n\n<p>Ab 06.01.20 geht es voller Tatendrang weiter.<\/p>\n\n\n\n<p><br><\/p>\n","protected":false},"excerpt":{"rendered":"<p>Das Jahr 2019 neigt sich langsam aber sicher seinem Ende entgegen. Ein guter Grund kurz innezuhalten, zur\u00fcckzublicken und vorauszuschauen. F\u00fcr die B\u00fcrgerplattform Chemnitz-Mitte war es ein gutes Jahr. Dank der Beschl\u00fcsse des Stadtrates wurde das B\u00fcrgerbudget deutlich erh\u00f6ht. Bisher standen<\/p>\n","protected":false},"author":1,"featured_media":0,"comment_status":"closed","ping_status":"closed","sticky":false,"template":"","format":"standard","meta":{"footnotes":""},"categories":[1],"tags":[],"class_list":["post-880","post","type-post","status-publish","format-standard","hentry","category-allgemein"],"_links":{"self":[{"href":"https:\/\/buergerplattform-chemnitz-mitte.de\/index.php?rest_route=\/wp\/v2\/posts\/880","targetHints":{"allow":["GET"]}}],"collection":[{"href":"https:\/\/buergerplattform-chemnitz-mitte.de\/index.php?rest_route=\/wp\/v2\/posts"}],"about":[{"href":"https:\/\/buergerplattform-chemnitz-mitte.de\/index.php?rest_route=\/wp\/v2\/types\/post"}],"author":[{"embeddable":true,"href":"https:\/\/buergerplattform-chemnitz-mitte.de\/index.php?rest_route=\/wp\/v2\/users\/1"}],"replies":[{"embeddable":true,"href":"https:\/\/buergerplattform-chemnitz-mitte.de\/index.php?rest_route=%2Fwp%2Fv2%2Fcomments&post=880"}],"version-history":[{"count":1,"href":"https:\/\/buergerplattform-chemnitz-mitte.de\/index.php?rest_route=\/wp\/v2\/posts\/880\/revisions"}],"predecessor-version":[{"id":881,"href":"https:\/\/buergerplattform-chemnitz-mitte.de\/index.php?rest_route=\/wp\/v2\/posts\/880\/revisions\/881"}],"wp:attachment":[{"href":"https:\/\/buergerplattform-chemnitz-mitte.de\/index.php?rest_route=%2Fwp%2Fv2%2Fmedia&parent=880"}],"wp:term":[{"taxonomy":"category","embeddable":true,"href":"https:\/\/buergerplattform-chemnitz-mitte.de\/index.php?rest_route=%2Fwp%2Fv2%2Fcategories&post=880"},{"taxonomy":"post_tag","embeddable":true,"href":"https:\/\/buergerplattform-chemnitz-mitte.de\/index.php?rest_route=%2Fwp%2Fv2%2Ftags&post=880"}],"curies":[{"name":"wp","href":"https:\/\/api.w.org\/{rel}","templated":true}]}}