{"id":883,"date":"2020-01-14T07:46:01","date_gmt":"2020-01-14T06:46:01","guid":{"rendered":"https:\/\/buergerplattform-chemnitz-mitte.de\/?p=883"},"modified":"2020-04-22T13:35:42","modified_gmt":"2020-04-22T11:35:42","slug":"weitermachen-lohnt-sich-ideen-gefragt","status":"publish","type":"post","link":"https:\/\/buergerplattform-chemnitz-mitte.de\/?p=883","title":{"rendered":"&#8222;Weitermachen lohnt sich&#8220; &#8211; Ideen gefragt"},"content":{"rendered":"\n<p>Seit wenigen Wochen ist bekannt, dass Chemnitz und drei weitere deutsche Bewerberst\u00e4dte das Zeug zur Europ\u00e4ischen Kulturhauptstadt 2025 haben. <\/p>\n\n\n\n<p>Unter dem Slogan \u201eWeitermachen lohnt sich\u201c gilt es nun aufs Neue die Kr\u00e4fte zu b\u00fcndeln. In der zweiten und zugleich abschlie\u00dfenden Bewerbungsrunde wird ein neues vertieftes Bewerbungsbuch erstellt, welches konkrete Programmvorschl\u00e4ge f\u00fcr 2025 enthalten soll. <\/p>\n\n\n\n<p>Da das Zusammenwirken und die Einbindung aller Chemnitzer*innen eines der Kernanliegen der Chemnitzer Bewerbung war und ist, ruft der Verein Netzwerk f\u00fcr Kultur und Jugendarbeit dazu auf, sich an diesem Prozess aktiv zu beteiligen. <\/p>\n\n\n\n<p>Unter dem Titel Freie Kultur {-hauptstadt} 2025 sind Alle aufgerufen ihre Ideen einzubringen. Auf der Seite <a href=\"http:\/\/www.nkjc.de\">www.nkjc.de<\/a> steht daf\u00fcr ein Ideensteckbrief zum Download zur Verf\u00fcgung. Dieser sollte ausgef\u00fcllt bis Ende Januar an das Netzwerk zur\u00fcck gesendet werden. <\/p>\n\n\n\n<p>Weitere Informationen zum Ideensteckbrief finden sich ebenso auf der Internetseite des Netzwerk f\u00fcr Kultur- und Jugendarbeit.<\/p>\n","protected":false},"excerpt":{"rendered":"<p>Seit wenigen Wochen ist bekannt, dass Chemnitz und drei weitere deutsche Bewerberst\u00e4dte das Zeug zur Europ\u00e4ischen Kulturhauptstadt 2025 haben. Unter dem Slogan \u201eWeitermachen lohnt sich\u201c gilt es nun aufs Neue die Kr\u00e4fte zu b\u00fcndeln. In der zweiten und zugleich abschlie\u00dfenden<\/p>\n","protected":false},"author":1,"featured_media":0,"comment_status":"closed","ping_status":"closed","sticky":false,"template":"","format":"standard","meta":{"footnotes":""},"categories":[1],"tags":[],"class_list":["post-883","post","type-post","status-publish","format-standard","hentry","category-allgemein"],"_links":{"self":[{"href":"https:\/\/buergerplattform-chemnitz-mitte.de\/index.php?rest_route=\/wp\/v2\/posts\/883","targetHints":{"allow":["GET"]}}],"collection":[{"href":"https:\/\/buergerplattform-chemnitz-mitte.de\/index.php?rest_route=\/wp\/v2\/posts"}],"about":[{"href":"https:\/\/buergerplattform-chemnitz-mitte.de\/index.php?rest_route=\/wp\/v2\/types\/post"}],"author":[{"embeddable":true,"href":"https:\/\/buergerplattform-chemnitz-mitte.de\/index.php?rest_route=\/wp\/v2\/users\/1"}],"replies":[{"embeddable":true,"href":"https:\/\/buergerplattform-chemnitz-mitte.de\/index.php?rest_route=%2Fwp%2Fv2%2Fcomments&post=883"}],"version-history":[{"count":1,"href":"https:\/\/buergerplattform-chemnitz-mitte.de\/index.php?rest_route=\/wp\/v2\/posts\/883\/revisions"}],"predecessor-version":[{"id":884,"href":"https:\/\/buergerplattform-chemnitz-mitte.de\/index.php?rest_route=\/wp\/v2\/posts\/883\/revisions\/884"}],"wp:attachment":[{"href":"https:\/\/buergerplattform-chemnitz-mitte.de\/index.php?rest_route=%2Fwp%2Fv2%2Fmedia&parent=883"}],"wp:term":[{"taxonomy":"category","embeddable":true,"href":"https:\/\/buergerplattform-chemnitz-mitte.de\/index.php?rest_route=%2Fwp%2Fv2%2Fcategories&post=883"},{"taxonomy":"post_tag","embeddable":true,"href":"https:\/\/buergerplattform-chemnitz-mitte.de\/index.php?rest_route=%2Fwp%2Fv2%2Ftags&post=883"}],"curies":[{"name":"wp","href":"https:\/\/api.w.org\/{rel}","templated":true}]}}