{"id":900,"date":"2020-03-09T08:21:59","date_gmt":"2020-03-09T07:21:59","guid":{"rendered":"https:\/\/buergerplattform-chemnitz-mitte.de\/?p=900"},"modified":"2020-04-27T10:54:37","modified_gmt":"2020-04-27T08:54:37","slug":"buergerforum-zu-ordnung-und-sicherheit-im-rosenhof-am-17-03-2020-im-buergerhaus-city-e-v","status":"publish","type":"post","link":"https:\/\/buergerplattform-chemnitz-mitte.de\/?p=900","title":{"rendered":"B\u00fcrgerforum zu &#8222;Ordnung und Sicherheit im Rosenhof&#8220; am 17.03.2020 im B\u00fcrgerhaus City e.V."},"content":{"rendered":"\n<p>Es k\u00f6nnte so sch\u00f6n sein. Tags\u00fcber tobt das Leben, \u00fcberall Kinderlachen und freundliche Minen. Die Erwachsenen sitzen gem\u00fctlich auf den B\u00e4nken oder in Caf\u00e9s, genie\u00dfen das sch\u00f6ne Wetter, schauen den Kindern beim Planschen in den Wasserspielen zu. Kauflustige nutzen die kleine Flaniermeile zum Einkaufen und f\u00fcr einen gem\u00fctlichen Schaufensterbummel oder erholen sich vom Marktbesuch. Noch am Abend treffen sich die Menschen zum Plausch im Rosenhof, bevor dann gegen 22.00 Uhr dieser quirlige Ort zur Ruhe kommt um am n\u00e4chsten Morgen auf\u00b4s Neue zu erwachen.<\/p>\n\n\n\n<p>Es k\u00f6nnte&#8230; Die Realit\u00e4t sieht leider aktuell nicht ganz so harmonisch aus. Immer wieder kommt es zu Beschwerden der Anwohnerinnen und Anwohner in diesem innerst\u00e4dtischen Karree. Da geht es unter anderem um L\u00e4rmbel\u00e4stigung nach 22.00 Uhr, \u00f6ffentliches Urinieren in Hausdurchg\u00e4ngen, P\u00f6beleien und illegales Ablagern von M\u00fcll.<\/p>\n\n\n\n<p>Bereits im August 2019 fand hierzu ein Gespr\u00e4ch im damals noch existierenden Caf\u00e9 All In statt. Leider fehlten den Beschwerdef\u00fchrenden auf der Gegenseite die Menschen, die im Rahmen ihrer M\u00f6glichkeiten nach L\u00f6sungen suchen und Abhilfe schaffen k\u00f6nnten. Man ging also unverrichteter Dinge auseinander und vereinbarte einen weiteren Gespr\u00e4chsanlauf.<\/p>\n\n\n\n<p>In Kooperation mit dem B\u00fcrgerhaus City e.V. l\u00e4dt die B\u00fcrgerplattform Chemnitz-Mitte nun f\u00fcr <strong>Dienstag, 17.03.2020 ab 16.00 Uhr<\/strong> in den <strong>Rosenhof 18<\/strong> in 09111 Chemnitz ein.<\/p>\n\n\n\n<p>Es werden unter anderem Ansprechpartnerinnen und Ansprechpartner des Stadtordnungsdienstes der Stadt Chemnitz, der Polizei Sachsen, der GGG, des Konsum Leipzig,  Stra\u00dfensozialarbeiterinnen und -arbeiter des AJZ und der Stadtmission sowie Vertreterinnen und Vertreter der Chemnitzer Stadtratsfraktionen anwesend sein. <\/p>\n\n\n\n<p>Ziel des B\u00fcrgerforums ist das gemeinsame Finden von L\u00f6sungen, damit die einleitenden Zeilen dieses Textes zuk\u00fcnftig kein Wunschdenken bleiben.<\/p>\n","protected":false},"excerpt":{"rendered":"<p>Es k\u00f6nnte so sch\u00f6n sein. Tags\u00fcber tobt das Leben, \u00fcberall Kinderlachen und freundliche Minen. Die Erwachsenen sitzen gem\u00fctlich auf den B\u00e4nken oder in Caf\u00e9s, genie\u00dfen das sch\u00f6ne Wetter, schauen den Kindern beim Planschen in den Wasserspielen zu. Kauflustige nutzen die<\/p>\n","protected":false},"author":1,"featured_media":0,"comment_status":"closed","ping_status":"closed","sticky":false,"template":"","format":"standard","meta":{"footnotes":""},"categories":[1],"tags":[],"class_list":["post-900","post","type-post","status-publish","format-standard","hentry","category-allgemein"],"_links":{"self":[{"href":"https:\/\/buergerplattform-chemnitz-mitte.de\/index.php?rest_route=\/wp\/v2\/posts\/900","targetHints":{"allow":["GET"]}}],"collection":[{"href":"https:\/\/buergerplattform-chemnitz-mitte.de\/index.php?rest_route=\/wp\/v2\/posts"}],"about":[{"href":"https:\/\/buergerplattform-chemnitz-mitte.de\/index.php?rest_route=\/wp\/v2\/types\/post"}],"author":[{"embeddable":true,"href":"https:\/\/buergerplattform-chemnitz-mitte.de\/index.php?rest_route=\/wp\/v2\/users\/1"}],"replies":[{"embeddable":true,"href":"https:\/\/buergerplattform-chemnitz-mitte.de\/index.php?rest_route=%2Fwp%2Fv2%2Fcomments&post=900"}],"version-history":[{"count":1,"href":"https:\/\/buergerplattform-chemnitz-mitte.de\/index.php?rest_route=\/wp\/v2\/posts\/900\/revisions"}],"predecessor-version":[{"id":901,"href":"https:\/\/buergerplattform-chemnitz-mitte.de\/index.php?rest_route=\/wp\/v2\/posts\/900\/revisions\/901"}],"wp:attachment":[{"href":"https:\/\/buergerplattform-chemnitz-mitte.de\/index.php?rest_route=%2Fwp%2Fv2%2Fmedia&parent=900"}],"wp:term":[{"taxonomy":"category","embeddable":true,"href":"https:\/\/buergerplattform-chemnitz-mitte.de\/index.php?rest_route=%2Fwp%2Fv2%2Fcategories&post=900"},{"taxonomy":"post_tag","embeddable":true,"href":"https:\/\/buergerplattform-chemnitz-mitte.de\/index.php?rest_route=%2Fwp%2Fv2%2Ftags&post=900"}],"curies":[{"name":"wp","href":"https:\/\/api.w.org\/{rel}","templated":true}]}}