{"id":903,"date":"2020-03-16T08:46:04","date_gmt":"2020-03-16T07:46:04","guid":{"rendered":"https:\/\/buergerplattform-chemnitz-mitte.de\/?p=903"},"modified":"2020-05-08T12:55:33","modified_gmt":"2020-05-08T10:55:33","slug":"absage-buergerforum-ordnung-und-sicherheit-im-rosenhof-am-17-03-2020-im-buergerhaus-city","status":"publish","type":"post","link":"https:\/\/buergerplattform-chemnitz-mitte.de\/?p=903","title":{"rendered":"Absage: B\u00fcrgerforum &#8222;Ordnung und Sicherheit im Rosenhof&#8220; am 17.03.2020 im B\u00fcrgerhaus City"},"content":{"rendered":"\n<p>Die aktuellen Entwicklungen rund um den Corona-Virus lassen leider keinen Ermessenspielraum.<br> Dank der vielseitigen Bewerbung der Veranstaltung in den Chemnitzer Medien und daf\u00fcr m\u00f6chten wir an dieser Stelle ausdr\u00fccklich danken, ist  nicht kalkulierbar, wie viele Anwohner*innen der Einladung folgen. <br>Da die seitens des Gesundheitsamtes der Stadt Chemnitz und weiterer Institutionen empfohlenen Mindestma\u00dfnahmen zur Pr\u00e4vention so nicht gew\u00e4hrleistet werden k\u00f6nnen, ist eine Absage unerl\u00e4sslich. <\/p>\n\n\n\n<p>Nat\u00fcrlich wird es zu einem sp\u00e4teren Zeitpunkt einen neuen Termin f\u00fcr das B\u00fcrgerforum geben.<br>Hierzu informieren wir Sie zu gegebener Zeit auch an dieser Stelle.<\/p>\n\n\n\n<p><\/p>\n","protected":false},"excerpt":{"rendered":"<p>Die aktuellen Entwicklungen rund um den Corona-Virus lassen leider keinen Ermessenspielraum. Dank der vielseitigen Bewerbung der Veranstaltung in den Chemnitzer Medien und daf\u00fcr m\u00f6chten wir an dieser Stelle ausdr\u00fccklich danken, ist nicht kalkulierbar, wie viele Anwohner*innen der Einladung folgen. Da<\/p>\n","protected":false},"author":1,"featured_media":0,"comment_status":"closed","ping_status":"closed","sticky":false,"template":"","format":"standard","meta":{"footnotes":""},"categories":[1],"tags":[],"class_list":["post-903","post","type-post","status-publish","format-standard","hentry","category-allgemein"],"_links":{"self":[{"href":"https:\/\/buergerplattform-chemnitz-mitte.de\/index.php?rest_route=\/wp\/v2\/posts\/903","targetHints":{"allow":["GET"]}}],"collection":[{"href":"https:\/\/buergerplattform-chemnitz-mitte.de\/index.php?rest_route=\/wp\/v2\/posts"}],"about":[{"href":"https:\/\/buergerplattform-chemnitz-mitte.de\/index.php?rest_route=\/wp\/v2\/types\/post"}],"author":[{"embeddable":true,"href":"https:\/\/buergerplattform-chemnitz-mitte.de\/index.php?rest_route=\/wp\/v2\/users\/1"}],"replies":[{"embeddable":true,"href":"https:\/\/buergerplattform-chemnitz-mitte.de\/index.php?rest_route=%2Fwp%2Fv2%2Fcomments&post=903"}],"version-history":[{"count":3,"href":"https:\/\/buergerplattform-chemnitz-mitte.de\/index.php?rest_route=\/wp\/v2\/posts\/903\/revisions"}],"predecessor-version":[{"id":907,"href":"https:\/\/buergerplattform-chemnitz-mitte.de\/index.php?rest_route=\/wp\/v2\/posts\/903\/revisions\/907"}],"wp:attachment":[{"href":"https:\/\/buergerplattform-chemnitz-mitte.de\/index.php?rest_route=%2Fwp%2Fv2%2Fmedia&parent=903"}],"wp:term":[{"taxonomy":"category","embeddable":true,"href":"https:\/\/buergerplattform-chemnitz-mitte.de\/index.php?rest_route=%2Fwp%2Fv2%2Fcategories&post=903"},{"taxonomy":"post_tag","embeddable":true,"href":"https:\/\/buergerplattform-chemnitz-mitte.de\/index.php?rest_route=%2Fwp%2Fv2%2Ftags&post=903"}],"curies":[{"name":"wp","href":"https:\/\/api.w.org\/{rel}","templated":true}]}}