{"id":972,"date":"2020-04-03T07:56:47","date_gmt":"2020-04-03T05:56:47","guid":{"rendered":"https:\/\/buergerplattform-chemnitz-mitte.de\/?p=972"},"modified":"2020-05-20T09:06:17","modified_gmt":"2020-05-20T07:06:17","slug":"chemnitz-hilft-de","status":"publish","type":"post","link":"https:\/\/buergerplattform-chemnitz-mitte.de\/?p=972","title":{"rendered":"Chemnitz-hilft.de"},"content":{"rendered":"\n<p>Die Kolleg*innen des Vereins zur F\u00f6rderung der Solidarit\u00e4t, Demokratie und Bildung (kurz: SDB e.V.) haben die Zeit im Home-Office richtig gut genutzt und f\u00fcr alle Chemnitzer*innen, die in Zeiten der Corona-Krise unterst\u00fctzen wollen oder die Hilfe ben\u00f6tigen eine Internetseite erstellt. Hier kann man auf Stadtteilebene erfahren, wer was anbietet.<br>Also liebe Helfer*innen, nutzen Sie bitte auch diese Plattform um auf Ihr Angebot aufmerksam zu machen.<\/p>\n\n\n\n<p>Au\u00dferdem gibt es auf der Internetseite verschiedene Tipps gegen \u201eLagerkoller\u201c und zu Hygieneregeln.<\/p>\n\n\n\n<p>Hier geht es zur Internetseite: <a href=\"http:\/\/chemnitz-hilft.de\/\">Chemnitz-hilft.de<\/a><\/p>\n\n\n\n<p><\/p>\n","protected":false},"excerpt":{"rendered":"<p>Die Kolleg*innen des Vereins zur F\u00f6rderung der Solidarit\u00e4t, Demokratie und Bildung (kurz: SDB e.V.) haben die Zeit im Home-Office richtig gut genutzt und f\u00fcr alle Chemnitzer*innen, die in Zeiten der Corona-Krise unterst\u00fctzen wollen oder die Hilfe ben\u00f6tigen eine Internetseite erstellt.<\/p>\n","protected":false},"author":1,"featured_media":0,"comment_status":"closed","ping_status":"closed","sticky":false,"template":"","format":"standard","meta":{"footnotes":""},"categories":[1],"tags":[],"class_list":["post-972","post","type-post","status-publish","format-standard","hentry","category-allgemein"],"_links":{"self":[{"href":"https:\/\/buergerplattform-chemnitz-mitte.de\/index.php?rest_route=\/wp\/v2\/posts\/972","targetHints":{"allow":["GET"]}}],"collection":[{"href":"https:\/\/buergerplattform-chemnitz-mitte.de\/index.php?rest_route=\/wp\/v2\/posts"}],"about":[{"href":"https:\/\/buergerplattform-chemnitz-mitte.de\/index.php?rest_route=\/wp\/v2\/types\/post"}],"author":[{"embeddable":true,"href":"https:\/\/buergerplattform-chemnitz-mitte.de\/index.php?rest_route=\/wp\/v2\/users\/1"}],"replies":[{"embeddable":true,"href":"https:\/\/buergerplattform-chemnitz-mitte.de\/index.php?rest_route=%2Fwp%2Fv2%2Fcomments&post=972"}],"version-history":[{"count":2,"href":"https:\/\/buergerplattform-chemnitz-mitte.de\/index.php?rest_route=\/wp\/v2\/posts\/972\/revisions"}],"predecessor-version":[{"id":976,"href":"https:\/\/buergerplattform-chemnitz-mitte.de\/index.php?rest_route=\/wp\/v2\/posts\/972\/revisions\/976"}],"wp:attachment":[{"href":"https:\/\/buergerplattform-chemnitz-mitte.de\/index.php?rest_route=%2Fwp%2Fv2%2Fmedia&parent=972"}],"wp:term":[{"taxonomy":"category","embeddable":true,"href":"https:\/\/buergerplattform-chemnitz-mitte.de\/index.php?rest_route=%2Fwp%2Fv2%2Fcategories&post=972"},{"taxonomy":"post_tag","embeddable":true,"href":"https:\/\/buergerplattform-chemnitz-mitte.de\/index.php?rest_route=%2Fwp%2Fv2%2Ftags&post=972"}],"curies":[{"name":"wp","href":"https:\/\/api.w.org\/{rel}","templated":true}]}}