{"id":978,"date":"2020-04-22T12:47:12","date_gmt":"2020-04-22T10:47:12","guid":{"rendered":"https:\/\/buergerplattform-chemnitz-mitte.de\/?p=978"},"modified":"2020-06-03T08:46:40","modified_gmt":"2020-06-03T06:46:40","slug":"buergerhaus-city-e-v-ist-auf-der-suche-nach-werken-junger-kuenstlerinnen","status":"publish","type":"post","link":"https:\/\/buergerplattform-chemnitz-mitte.de\/?p=978","title":{"rendered":"B\u00fcrgerhaus City e.V. ist auf der Suche nach Werken junger K\u00fcnstler*innen"},"content":{"rendered":"\n<p>Viele Kinder in unserer Stadt haben in den letzten Wochen sch\u00f6ne Bilder gemalt oder kleine Aufmerksamkeiten gebastelt.<br>Der B\u00fcrgerhaus City e.V. im Rosenhof 18 stellt ab sofort ein Schaufenster zur Verf\u00fcgung und initiiert eine kleine Galerie.<\/p>\n\n\n\n<p>Wie auf dem Bild gut zu erkennen ist, gibt es noch jede Menge Platz.<\/p>\n\n\n\n<p>Helfen Sie bitte dabei das Schaufenster zu f\u00fcllen und bringen die kleinen Kunstwerke unserer J\u00fcngsten vorbei.<br>Auf die K\u00fcnstler*innen warten auch kleine Preise &#x1f642;<\/p>\n\n\n\n<p>Ab 20. April 2020 k\u00f6nnen Sie die kreativen Arbeiten zwischen 9.00 und 12.00 Uhr im B\u00fcrgerhaus City, Rosenhof 18 abgeben.<\/p>\n","protected":false},"excerpt":{"rendered":"<p>Viele Kinder in unserer Stadt haben in den letzten Wochen sch\u00f6ne Bilder gemalt oder kleine Aufmerksamkeiten gebastelt.Der B\u00fcrgerhaus City e.V. im Rosenhof 18 stellt ab sofort ein Schaufenster zur Verf\u00fcgung und initiiert eine kleine Galerie. Wie auf dem Bild gut<\/p>\n","protected":false},"author":1,"featured_media":979,"comment_status":"closed","ping_status":"closed","sticky":false,"template":"","format":"standard","meta":{"footnotes":""},"categories":[1],"tags":[],"class_list":["post-978","post","type-post","status-publish","format-standard","has-post-thumbnail","hentry","category-allgemein"],"_links":{"self":[{"href":"https:\/\/buergerplattform-chemnitz-mitte.de\/index.php?rest_route=\/wp\/v2\/posts\/978","targetHints":{"allow":["GET"]}}],"collection":[{"href":"https:\/\/buergerplattform-chemnitz-mitte.de\/index.php?rest_route=\/wp\/v2\/posts"}],"about":[{"href":"https:\/\/buergerplattform-chemnitz-mitte.de\/index.php?rest_route=\/wp\/v2\/types\/post"}],"author":[{"embeddable":true,"href":"https:\/\/buergerplattform-chemnitz-mitte.de\/index.php?rest_route=\/wp\/v2\/users\/1"}],"replies":[{"embeddable":true,"href":"https:\/\/buergerplattform-chemnitz-mitte.de\/index.php?rest_route=%2Fwp%2Fv2%2Fcomments&post=978"}],"version-history":[{"count":1,"href":"https:\/\/buergerplattform-chemnitz-mitte.de\/index.php?rest_route=\/wp\/v2\/posts\/978\/revisions"}],"predecessor-version":[{"id":980,"href":"https:\/\/buergerplattform-chemnitz-mitte.de\/index.php?rest_route=\/wp\/v2\/posts\/978\/revisions\/980"}],"wp:featuredmedia":[{"embeddable":true,"href":"https:\/\/buergerplattform-chemnitz-mitte.de\/index.php?rest_route=\/wp\/v2\/media\/979"}],"wp:attachment":[{"href":"https:\/\/buergerplattform-chemnitz-mitte.de\/index.php?rest_route=%2Fwp%2Fv2%2Fmedia&parent=978"}],"wp:term":[{"taxonomy":"category","embeddable":true,"href":"https:\/\/buergerplattform-chemnitz-mitte.de\/index.php?rest_route=%2Fwp%2Fv2%2Fcategories&post=978"},{"taxonomy":"post_tag","embeddable":true,"href":"https:\/\/buergerplattform-chemnitz-mitte.de\/index.php?rest_route=%2Fwp%2Fv2%2Ftags&post=978"}],"curies":[{"name":"wp","href":"https:\/\/api.w.org\/{rel}","templated":true}]}}